{"id":2692,"date":"2018-06-29T10:36:41","date_gmt":"2018-06-29T10:36:41","guid":{"rendered":"https:\/\/www.nuovapartenopeapellisrl.it\/cdn22\/non-classifiee\/lineapelle-au-pitti-filati-entre-synergie-et-partage\/"},"modified":"2022-12-02T08:31:31","modified_gmt":"2022-12-02T08:31:31","slug":"lineapelle-au-pitti-filati-entre-synergie-et-partage","status":"publish","type":"post","link":"https:\/\/www.nuovapartenopeapellisrl.it\/fr\/blog-fr\/nouvelles\/lineapelle-au-pitti-filati-entre-synergie-et-partage\/","title":{"rendered":"Lineapelle au Pitti Filati entre synergie et partage"},"content":{"rendered":"<p>Du 27 au 29 juin, la<strong> 83e \u00e9dition de Pitti Filati<\/strong> s&rsquo;est tenue \u00e0 Florence au centre d&rsquo;exposition Fortezza da Basso.<\/p>\n<p>Cette ann\u00e9e, l&rsquo;exposition internationale de r\u00e9f\u00e9rence pour le secteur des fils \u00e0 tricoter a accueilli environ 5 500 acheteurs venus du monde entier et, en particulier, de Russie, d&rsquo;Europe de l&rsquo;Est, de Turquie, de Chine, de Hong Kong, de Cor\u00e9e du Sud et des pays d&rsquo;Europe du Nord.<\/p>\n<p>La grande nouveaut\u00e9 de cette \u00e9dition est le d\u00e9but de Lineapelle au Pitti Filati. La collaboration des deux \u00e9v\u00e9nements phares du monde repr\u00e9sente un tournant qui lancera de nouvelles voies cr\u00e9atives et stylistiques sous la banni\u00e8re du Made in Italy.<\/p>\n<p><strong>Lineapelle a particip\u00e9 au Pitti Filati<\/strong> avec un espace con\u00e7u ad hoc pour promouvoir l&rsquo;excellence de ses exposants et leur in\u00e9puisable cr\u00e9ativit\u00e9. Dans l&rsquo;espace de recherche et d&rsquo;analyse approfondie \u00ab\u00a0TODAY IS TOMORROW: Anteprima by Lineapelle\u00a0\u00bb, en effet, elle a pr\u00e9sent\u00e9 une s\u00e9lection minutieuse de mat\u00e9riaux pour la saison automne-hiver 2019\/2020 et un programme d&rsquo;ateliers techniques et de mode.<\/p>\n<p>La participation de Lineapelle \u00e0 Florence s&rsquo;est termin\u00e9e sur une <strong>note positive.<\/strong> Les visiteurs se sont montr\u00e9s attentifs tant aux \u00e9clairages stylistiques sur les tendances de l&rsquo;hiver 2019\/2020 qu&rsquo;aux lancements de collections. Le s\u00e9minaire sur la durabilit\u00e9 a \u00e9galement suscit\u00e9 un grand int\u00e9r\u00eat et a permis aux acheteurs pr\u00e9sents \u00e0 la foire de d\u00e9couvrir l&rsquo;excellence globale des tanneries italiennes.<\/p>\n<p>Le prochain rendez-vous avec <strong>Lineapelle est fix\u00e9 du 25 au 27 septembre \u00e0 la Fiera Milano Rho <\/strong>avec la pr\u00e9sentation des <strong>nouvelles collections hiver 2019\/20.<\/strong><\/p>\n<p>Cr\u00e8dits ph.: AKAstudio &#8211; collective<\/p>\n","protected":false},"excerpt":{"rendered":"<p>Du 27 au 29 juin, la 83e \u00e9dition de Pitti Filati s&rsquo;est tenue \u00e0 Florence au centre d&rsquo;exposition Fortezza da Basso. Cette ann\u00e9e, l&rsquo;exposition internationale de r\u00e9f\u00e9rence pour le secteur [&hellip;]<\/p>\n","protected":false},"author":6,"featured_media":2120,"comment_status":"closed","ping_status":"closed","sticky":false,"template":"","format":"standard","meta":{"_acf_changed":false,"site-sidebar-layout":"default","site-content-layout":"default","ast-site-content-layout":"default","site-content-style":"default","site-sidebar-style":"default","ast-global-header-display":"","ast-banner-title-visibility":"","ast-main-header-display":"","ast-hfb-above-header-display":"","ast-hfb-below-header-display":"","ast-hfb-mobile-header-display":"","site-post-title":"","ast-breadcrumbs-content":"","ast-featured-img":"","footer-sml-layout":"","theme-transparent-header-meta":"default","adv-header-id-meta":"","stick-header-meta":"default","header-above-stick-meta":"","header-main-stick-meta":"","header-below-stick-meta":"","astra-migrate-meta-layouts":"default","ast-page-background-enabled":"default","ast-page-background-meta":{"desktop":{"background-color":"var(--ast-global-color-4)","background-image":"","background-repeat":"repeat","background-position":"center center","background-size":"auto","background-attachment":"scroll","background-type":"","background-media":"","overlay-type":"","overlay-color":"","overlay-opacity":"","overlay-gradient":""},"tablet":{"background-color":"","background-image":"","background-repeat":"repeat","background-position":"center center","background-size":"auto","background-attachment":"scroll","background-type":"","background-media":"","overlay-type":"","overlay-color":"","overlay-opacity":"","overlay-gradient":""},"mobile":{"background-color":"","background-image":"","background-repeat":"repeat","background-position":"center center","background-size":"auto","background-attachment":"scroll","background-type":"","background-media":"","overlay-type":"","overlay-color":"","overlay-opacity":"","overlay-gradient":""}},"ast-content-background-meta":{"desktop":{"background-color":"var(--ast-global-color-5)","background-image":"","background-repeat":"repeat","background-position":"center center","background-size":"auto","background-attachment":"scroll","background-type":"","background-media":"","overlay-type":"","overlay-color":"","overlay-opacity":"","overlay-gradient":""},"tablet":{"background-color":"var(--ast-global-color-5)","background-image":"","background-repeat":"repeat","background-position":"center center","background-size":"auto","background-attachment":"scroll","background-type":"","background-media":"","overlay-type":"","overlay-color":"","overlay-opacity":"","overlay-gradient":""},"mobile":{"background-color":"var(--ast-global-color-5)","background-image":"","background-repeat":"repeat","background-position":"center center","background-size":"auto","background-attachment":"scroll","background-type":"","background-media":"","overlay-type":"","overlay-color":"","overlay-opacity":"","overlay-gradient":""}},"footnotes":""},"categories":[266,262],"tags":[],"class_list":["post-2692","post","type-post","status-publish","format-standard","has-post-thumbnail","hentry","category-blog-fr","category-nouvelles"],"acf":[],"aioseo_notices":[],"_links":{"self":[{"href":"https:\/\/www.nuovapartenopeapellisrl.it\/fr\/wp-json\/wp\/v2\/posts\/2692","targetHints":{"allow":["GET"]}}],"collection":[{"href":"https:\/\/www.nuovapartenopeapellisrl.it\/fr\/wp-json\/wp\/v2\/posts"}],"about":[{"href":"https:\/\/www.nuovapartenopeapellisrl.it\/fr\/wp-json\/wp\/v2\/types\/post"}],"author":[{"embeddable":true,"href":"https:\/\/www.nuovapartenopeapellisrl.it\/fr\/wp-json\/wp\/v2\/users\/6"}],"replies":[{"embeddable":true,"href":"https:\/\/www.nuovapartenopeapellisrl.it\/fr\/wp-json\/wp\/v2\/comments?post=2692"}],"version-history":[{"count":0,"href":"https:\/\/www.nuovapartenopeapellisrl.it\/fr\/wp-json\/wp\/v2\/posts\/2692\/revisions"}],"wp:featuredmedia":[{"embeddable":true,"href":"https:\/\/www.nuovapartenopeapellisrl.it\/fr\/wp-json\/wp\/v2\/media\/2120"}],"wp:attachment":[{"href":"https:\/\/www.nuovapartenopeapellisrl.it\/fr\/wp-json\/wp\/v2\/media?parent=2692"}],"wp:term":[{"taxonomy":"category","embeddable":true,"href":"https:\/\/www.nuovapartenopeapellisrl.it\/fr\/wp-json\/wp\/v2\/categories?post=2692"},{"taxonomy":"post_tag","embeddable":true,"href":"https:\/\/www.nuovapartenopeapellisrl.it\/fr\/wp-json\/wp\/v2\/tags?post=2692"}],"curies":[{"name":"wp","href":"https:\/\/api.w.org\/{rel}","templated":true}]}}