{"id":2812,"date":"2014-04-12T09:03:10","date_gmt":"2014-04-12T09:03:10","guid":{"rendered":"https:\/\/www.nuovapartenopeapellisrl.it\/cdn22\/non-classifiee\/milano-design-week-experimentation-avec-le-cuir\/"},"modified":"2022-12-23T10:12:30","modified_gmt":"2022-12-23T10:12:30","slug":"milano-design-week-experimentation-avec-le-cuir","status":"publish","type":"post","link":"https:\/\/www.nuovapartenopeapellisrl.it\/fr\/blog-fr\/nouvelles\/milano-design-week-experimentation-avec-le-cuir\/","title":{"rendered":"Milano Design Week: exp\u00e9rimentation avec le cuir"},"content":{"rendered":"<p align=\"justify\">Le mot d&rsquo;ordre de la semaine du meuble de Milan est \u00ab\u00a0DESIGN\u00a0\u00bb. Il n&rsquo;y a rien de plus convoit\u00e9 que de porter un accessoire qui rappelle les formes des \u0153uvres d&rsquo;art, encore mieux en cuir, pour \u00e9voquer la grande tradition de l&rsquo;artisanat italien. L&rsquo;accessoire, qui a toujours fait la diff\u00e9rence, se d\u00e9cline ce printemps-\u00e9t\u00e9 dans de nombreuses couleurs et formes selon les tendances les plus diverses. Le nouvel objet de d\u00e9sir est le \u00ab\u00a0sac color\u00e9 entrelac\u00e9\u00a0\u00bb: la surface d\u00e9couvre la profondeur et le cuir se plie comme un origami avec des contrastes de couleurs marqu\u00e9s. Plusieurs mod\u00e8les sont propos\u00e9s pour cet \u00e9t\u00e9: le sac postina, le sac bowling et la pochette. La forme la plus tendance est le sac carr\u00e9. On admire les sacs \u00e0 longues franges dansantes qui rappellent les ann\u00e9es 1970 pour des cowgirls sans pr\u00e9c\u00e9dent. La cr\u00e9ation de Frida Giannini est le sac \u00e0 bandouli\u00e8re \u00ab\u00a0Gucci Nouveau Fringe\u00a0\u00bb destin\u00e9 \u00e0 devenir l&rsquo;un des sacs les plus d\u00e9sir\u00e9s par les fashionistas. Pour l&rsquo;univers masculin, on trouve des porte-documents iPad, des sacs \u00e0 dos aux silhouettes sophistiqu\u00e9es et des sacs \u00e0 main maxi \u00e0 porter fermement \u00e0 la main. Les mod\u00e8les sont en cuir reptile, en veau, en daim mais aussi en <b>cuir d\u00e9grad\u00e9<\/b> imprim\u00e9, qui se caract\u00e9risent par des d\u00e9tails pr\u00e9cieux sans n\u00e9gliger le besoin de praticit\u00e9 et de fonctionnalit\u00e9 d&rsquo;un \u00ab\u00a0homme d&rsquo;affaires\u00a0\u00bb moderne.<\/p>\n<p align=\"justify\">Les chaussures, qui repr\u00e9sentent un mod\u00e8le universel de cr\u00e9ativit\u00e9 et d&rsquo;artisanat, continuent de faire r\u00eaver le monde f\u00e9minin de mani\u00e8re presque maniaque. Moins de stilettos cette saison, o\u00f9 l&rsquo;on grimpe plut\u00f4t sur des talons sculpturaux d\u00e9cid\u00e9ment bien particuliers. Fendi, par exemple, propose un talon \u00ab\u00a0design\u00a0\u00bb sans pr\u00e9c\u00e9dent. Le <b>cuir des chaussures modernes<\/b> est m\u00e9lang\u00e9 \u00e0 divers mat\u00e9riaux tels que le bois et le plastique. Pour celles qui h\u00e9sitent sur les sandales vertigineuses, il y a un retour aux hauteurs midi. La chaussure s&rsquo;adapte \u00e0 des tailles moins extr\u00eames avec les sandales en daim bleu \u00e0 motif tiss\u00e9 de Stuart Weitzman. Les mod\u00e8les masculins se concentrent sur l&rsquo;\u00e9l\u00e9gance des chaussures \u00e0 lacets classiques ou des mocassins avec un traitement sp\u00e9cial comme ceux de Fratelli Rossetti, qui se concentrent sur le cuir tiss\u00e9 bicolore, un excellent exemple d&rsquo;artisanat sophistiqu\u00e9 avec une touche de style des ann\u00e9es 1950.<\/p>\n<p align=\"justify\">L&rsquo;accessoire qui marque la taille revient sur le devant de la sc\u00e8ne: la ceinture. Les mod\u00e8les pour femmes sont grands et sophistiqu\u00e9s pour un look de geisha contemporaine, tandis que pour les hommes, le travail et la pr\u00e9ciosit\u00e9 du cuir et des finitions sont mis en avant. Une fois de plus, les accessoires se r\u00e9v\u00e8lent \u00eatre les meilleurs alli\u00e9s pour enrichir la garde-robe et souligner davantage le look au nom d&rsquo;un raffinement digne de la meilleure tradition du Made in Italy.<\/p>\n","protected":false},"excerpt":{"rendered":"<p>Le mot d&rsquo;ordre de la semaine du meuble de Milan est \u00ab\u00a0DESIGN\u00a0\u00bb. Il n&rsquo;y a rien de plus convoit\u00e9 que de porter un accessoire qui rappelle les formes des \u0153uvres [&hellip;]<\/p>\n","protected":false},"author":1,"featured_media":2807,"comment_status":"closed","ping_status":"closed","sticky":false,"template":"","format":"standard","meta":{"_acf_changed":false,"site-sidebar-layout":"default","site-content-layout":"default","ast-site-content-layout":"default","site-content-style":"default","site-sidebar-style":"default","ast-global-header-display":"","ast-banner-title-visibility":"","ast-main-header-display":"","ast-hfb-above-header-display":"","ast-hfb-below-header-display":"","ast-hfb-mobile-header-display":"","site-post-title":"","ast-breadcrumbs-content":"","ast-featured-img":"","footer-sml-layout":"","theme-transparent-header-meta":"default","adv-header-id-meta":"","stick-header-meta":"default","header-above-stick-meta":"","header-main-stick-meta":"","header-below-stick-meta":"","astra-migrate-meta-layouts":"default","ast-page-background-enabled":"default","ast-page-background-meta":{"desktop":{"background-color":"var(--ast-global-color-4)","background-image":"","background-repeat":"repeat","background-position":"center center","background-size":"auto","background-attachment":"scroll","background-type":"","background-media":"","overlay-type":"","overlay-color":"","overlay-opacity":"","overlay-gradient":""},"tablet":{"background-color":"","background-image":"","background-repeat":"repeat","background-position":"center center","background-size":"auto","background-attachment":"scroll","background-type":"","background-media":"","overlay-type":"","overlay-color":"","overlay-opacity":"","overlay-gradient":""},"mobile":{"background-color":"","background-image":"","background-repeat":"repeat","background-position":"center center","background-size":"auto","background-attachment":"scroll","background-type":"","background-media":"","overlay-type":"","overlay-color":"","overlay-opacity":"","overlay-gradient":""}},"ast-content-background-meta":{"desktop":{"background-color":"var(--ast-global-color-5)","background-image":"","background-repeat":"repeat","background-position":"center center","background-size":"auto","background-attachment":"scroll","background-type":"","background-media":"","overlay-type":"","overlay-color":"","overlay-opacity":"","overlay-gradient":""},"tablet":{"background-color":"var(--ast-global-color-5)","background-image":"","background-repeat":"repeat","background-position":"center center","background-size":"auto","background-attachment":"scroll","background-type":"","background-media":"","overlay-type":"","overlay-color":"","overlay-opacity":"","overlay-gradient":""},"mobile":{"background-color":"var(--ast-global-color-5)","background-image":"","background-repeat":"repeat","background-position":"center center","background-size":"auto","background-attachment":"scroll","background-type":"","background-media":"","overlay-type":"","overlay-color":"","overlay-opacity":"","overlay-gradient":""}},"footnotes":""},"categories":[266,262],"tags":[347,348,271,349,350,326,351,352],"class_list":["post-2812","post","type-post","status-publish","format-standard","has-post-thumbnail","hentry","category-blog-fr","category-nouvelles","tag-borse-fr","tag-cinture-fr","tag-cuir","tag-fashion-fr","tag-milano-design-week-fr","tag-moda-fr","tag-scarpe-fr","tag-sperimentazione-fr"],"acf":[],"aioseo_notices":[],"_links":{"self":[{"href":"https:\/\/www.nuovapartenopeapellisrl.it\/fr\/wp-json\/wp\/v2\/posts\/2812","targetHints":{"allow":["GET"]}}],"collection":[{"href":"https:\/\/www.nuovapartenopeapellisrl.it\/fr\/wp-json\/wp\/v2\/posts"}],"about":[{"href":"https:\/\/www.nuovapartenopeapellisrl.it\/fr\/wp-json\/wp\/v2\/types\/post"}],"author":[{"embeddable":true,"href":"https:\/\/www.nuovapartenopeapellisrl.it\/fr\/wp-json\/wp\/v2\/users\/1"}],"replies":[{"embeddable":true,"href":"https:\/\/www.nuovapartenopeapellisrl.it\/fr\/wp-json\/wp\/v2\/comments?post=2812"}],"version-history":[{"count":0,"href":"https:\/\/www.nuovapartenopeapellisrl.it\/fr\/wp-json\/wp\/v2\/posts\/2812\/revisions"}],"wp:featuredmedia":[{"embeddable":true,"href":"https:\/\/www.nuovapartenopeapellisrl.it\/fr\/wp-json\/wp\/v2\/media\/2807"}],"wp:attachment":[{"href":"https:\/\/www.nuovapartenopeapellisrl.it\/fr\/wp-json\/wp\/v2\/media?parent=2812"}],"wp:term":[{"taxonomy":"category","embeddable":true,"href":"https:\/\/www.nuovapartenopeapellisrl.it\/fr\/wp-json\/wp\/v2\/categories?post=2812"},{"taxonomy":"post_tag","embeddable":true,"href":"https:\/\/www.nuovapartenopeapellisrl.it\/fr\/wp-json\/wp\/v2\/tags?post=2812"}],"curies":[{"name":"wp","href":"https:\/\/api.w.org\/{rel}","templated":true}]}}