{"id":2828,"date":"2014-03-28T17:01:59","date_gmt":"2014-03-28T17:01:59","guid":{"rendered":"https:\/\/www.nuovapartenopeapellisrl.it\/cdn22\/non-classifiee\/cuir-tendances-printemps-ete-2014\/"},"modified":"2014-03-28T17:01:59","modified_gmt":"2014-03-28T17:01:59","slug":"cuir-tendances-printemps-ete-2014","status":"publish","type":"post","link":"https:\/\/www.nuovapartenopeapellisrl.it\/fr\/blog-fr\/gants\/cuir-tendances-printemps-ete-2014\/","title":{"rendered":"Cuir: tendances printemps\/\u00e9t\u00e9 2014"},"content":{"rendered":"<p align=\"justify\">Le cuir est l&rsquo;un des mat\u00e9riaux les plus pr\u00e9cieux de la mode et il est de plus en plus demand\u00e9, travaill\u00e9 et expos\u00e9. Il a envahi les podiums de ce printemps\/\u00e9t\u00e9, enthousiasmant les cr\u00e9ateurs et attirant l&rsquo;attention de divers acheteurs. C&rsquo;est le moment d&rsquo;un mat\u00e9riau ductile, travaill\u00e9 avec une grande habilet\u00e9 par nos artisans. Ici, parmi une myriade de v\u00eatements, la saison estivale devra inclure un article en cuir: trait\u00e9 au laser, imprim\u00e9, trait\u00e9 et disponible en diff\u00e9rentes couleurs et mod\u00e8les, un v\u00e9ritable must-have pour la garde-robe; chacun choisira alors le mod\u00e8le qui convient \u00e0 son style et cette ann\u00e9e il y en a pour tous les go\u00fbts.<\/p>\n<p align=\"justify\">Le <b>blouson en cuir<\/b> a \u00e9t\u00e9 \u00e9tudi\u00e9 dans tous ses d\u00e9tails: il ne s&rsquo;agit plus seulement du classique blouson de motard, les types plus traditionnels habituellement en tissu ont \u00e9t\u00e9 r\u00e9interpr\u00e9t\u00e9s dans diff\u00e9rents cuirs. Salvatore Ferragamo a rendu hommage au cuir avec une collection f\u00e9minine raffin\u00e9e aux couleurs douces et au travail pr\u00e9cieux, un hymne \u00e0 la f\u00e9minit\u00e9 et au luxe. Roberto Cavalli, fid\u00e8le \u00e0 la tradition, a mis l&rsquo;accent sur les vestes \u00e0 effet, son patchwork iconique de mat\u00e9riaux et de couleurs a laiss\u00e9 place \u00e0 des mod\u00e8les en cuir de crocodile argent\u00e9 total, \u00e9tincelant en toute occasion.<\/p>\n<p align=\"justify\">Admirables comp\u00e9tences techniques pour la maison Trussardi, qui a fait de l&rsquo;utilisation du cuir sa marque de fabrique stylistique, son dernier d\u00e9fil\u00e9 de mode f\u00e9minine a montr\u00e9 une remarquable ma\u00eetrise des derni\u00e8res techniques de traitement, <b>le cuir devient aussi fin <\/b>que le tissu se m\u00ealant aux mat\u00e9riaux imperm\u00e9ables; la soci\u00e9t\u00e9 milanaise a propos\u00e9 non seulement des v\u00eatements d&rsquo;ext\u00e9rieur mais aussi des pantalons et des boxers souples d&rsquo;un rouge ardent: une fois port\u00e9s, il est difficile de ne pas \u00eatre remarqu\u00e9. La nouveaut\u00e9 de cette saison est le <b>top en cuir<\/b>, d\u00e9clin\u00e9 par les cr\u00e9ateurs en version mini ou maxi avec des bretelles, des demi-manches, des appliqu\u00e9s ou minimalistes. Sans aucun doute le v\u00eatement le plus original de ce printemps. Cependant, il est difficile de ne pas \u00eatre conquis par un classique de la garde-robe: le <b>pardessus<\/b>, propos\u00e9 en version oversize, color\u00e9 et pr\u00e9sent\u00e9 dans une vari\u00e9t\u00e9 de cuirs. La proposition de noir total de Fendi est \u00e9l\u00e9gante.<\/p>\n<p align=\"justify\">Cette saison, les hommes aussi sont s\u00e9duits par la mati\u00e8re pr\u00e9cieuse, Ermenegildo Zegna cr\u00e9e une veste en cuir nappa tr\u00e8s doux, Frida Giannini pour Gucci \u00e9labore un pantalon jockey avec des inserts en daim. Ainsi, le cuir est s\u00e9duit par des tonalit\u00e9s plus urbaines et moins rock, son \u00e2me plus sophistiqu\u00e9e est exalt\u00e9e et son c\u00f4t\u00e9 plus agressif est mis au second plan. Il ne reste plus qu&rsquo;\u00e0 poser la question fatidique: pr\u00eat \u00e0 faire du shopping?<\/p>\n","protected":false},"excerpt":{"rendered":"<p>Le cuir est l&rsquo;un des mat\u00e9riaux les plus pr\u00e9cieux de la mode et il est de plus en plus demand\u00e9, travaill\u00e9 et expos\u00e9. Il a envahi les podiums de ce [&hellip;]<\/p>\n","protected":false},"author":1,"featured_media":2825,"comment_status":"closed","ping_status":"closed","sticky":false,"template":"","format":"standard","meta":{"_acf_changed":false,"site-sidebar-layout":"default","site-content-layout":"default","ast-site-content-layout":"default","site-content-style":"default","site-sidebar-style":"default","ast-global-header-display":"","ast-banner-title-visibility":"","ast-main-header-display":"","ast-hfb-above-header-display":"","ast-hfb-below-header-display":"","ast-hfb-mobile-header-display":"","site-post-title":"","ast-breadcrumbs-content":"","ast-featured-img":"","footer-sml-layout":"","theme-transparent-header-meta":"default","adv-header-id-meta":"","stick-header-meta":"default","header-above-stick-meta":"","header-main-stick-meta":"","header-below-stick-meta":"","astra-migrate-meta-layouts":"default","ast-page-background-enabled":"default","ast-page-background-meta":{"desktop":{"background-color":"var(--ast-global-color-4)","background-image":"","background-repeat":"repeat","background-position":"center center","background-size":"auto","background-attachment":"scroll","background-type":"","background-media":"","overlay-type":"","overlay-color":"","overlay-opacity":"","overlay-gradient":""},"tablet":{"background-color":"","background-image":"","background-repeat":"repeat","background-position":"center center","background-size":"auto","background-attachment":"scroll","background-type":"","background-media":"","overlay-type":"","overlay-color":"","overlay-opacity":"","overlay-gradient":""},"mobile":{"background-color":"","background-image":"","background-repeat":"repeat","background-position":"center center","background-size":"auto","background-attachment":"scroll","background-type":"","background-media":"","overlay-type":"","overlay-color":"","overlay-opacity":"","overlay-gradient":""}},"ast-content-background-meta":{"desktop":{"background-color":"var(--ast-global-color-5)","background-image":"","background-repeat":"repeat","background-position":"center center","background-size":"auto","background-attachment":"scroll","background-type":"","background-media":"","overlay-type":"","overlay-color":"","overlay-opacity":"","overlay-gradient":""},"tablet":{"background-color":"var(--ast-global-color-5)","background-image":"","background-repeat":"repeat","background-position":"center center","background-size":"auto","background-attachment":"scroll","background-type":"","background-media":"","overlay-type":"","overlay-color":"","overlay-opacity":"","overlay-gradient":""},"mobile":{"background-color":"var(--ast-global-color-5)","background-image":"","background-repeat":"repeat","background-position":"center center","background-size":"auto","background-attachment":"scroll","background-type":"","background-media":"","overlay-type":"","overlay-color":"","overlay-opacity":"","overlay-gradient":""}},"footnotes":""},"categories":[266,260],"tags":[362,271,363,364,326,365,366,367],"class_list":["post-2828","post","type-post","status-publish","format-standard","has-post-thumbnail","hentry","category-blog-fr","category-gants","tag-collezioni-fr","tag-cuir","tag-giacca-fr","tag-gonna-fr","tag-moda-fr","tag-pantalone-fr","tag-pantaloni-fr","tag-top-fr"],"acf":[],"aioseo_notices":[],"_links":{"self":[{"href":"https:\/\/www.nuovapartenopeapellisrl.it\/fr\/wp-json\/wp\/v2\/posts\/2828","targetHints":{"allow":["GET"]}}],"collection":[{"href":"https:\/\/www.nuovapartenopeapellisrl.it\/fr\/wp-json\/wp\/v2\/posts"}],"about":[{"href":"https:\/\/www.nuovapartenopeapellisrl.it\/fr\/wp-json\/wp\/v2\/types\/post"}],"author":[{"embeddable":true,"href":"https:\/\/www.nuovapartenopeapellisrl.it\/fr\/wp-json\/wp\/v2\/users\/1"}],"replies":[{"embeddable":true,"href":"https:\/\/www.nuovapartenopeapellisrl.it\/fr\/wp-json\/wp\/v2\/comments?post=2828"}],"version-history":[{"count":0,"href":"https:\/\/www.nuovapartenopeapellisrl.it\/fr\/wp-json\/wp\/v2\/posts\/2828\/revisions"}],"wp:featuredmedia":[{"embeddable":true,"href":"https:\/\/www.nuovapartenopeapellisrl.it\/fr\/wp-json\/wp\/v2\/media\/2825"}],"wp:attachment":[{"href":"https:\/\/www.nuovapartenopeapellisrl.it\/fr\/wp-json\/wp\/v2\/media?parent=2828"}],"wp:term":[{"taxonomy":"category","embeddable":true,"href":"https:\/\/www.nuovapartenopeapellisrl.it\/fr\/wp-json\/wp\/v2\/categories?post=2828"},{"taxonomy":"post_tag","embeddable":true,"href":"https:\/\/www.nuovapartenopeapellisrl.it\/fr\/wp-json\/wp\/v2\/tags?post=2828"}],"curies":[{"name":"wp","href":"https:\/\/api.w.org\/{rel}","templated":true}]}}