{"id":2892,"date":"2013-12-06T13:40:16","date_gmt":"2013-12-06T13:40:16","guid":{"rendered":"https:\/\/www.nuovapartenopeapellisrl.it\/cdn22\/non-classifiee\/les-gants-dans-lart\/"},"modified":"2022-12-27T08:16:16","modified_gmt":"2022-12-27T08:16:16","slug":"les-gants-dans-lart","status":"publish","type":"post","link":"https:\/\/www.nuovapartenopeapellisrl.it\/fr\/blog-fr\/gants\/les-gants-dans-lart\/","title":{"rendered":"Les gants dans l&rsquo;art"},"content":{"rendered":"<p align=\"justify\">Le gant a toujours \u00e9t\u00e9 un accessoire symbole d&rsquo;\u00e9l\u00e9gance et de noblesse, \u00e0 tel point qu&rsquo;il appara\u00eet dans de nombreux portraits artistiques port\u00e9s par des hommes illustres et des dames \u00e9l\u00e9gantes. La mode l&rsquo;a lib\u00e9r\u00e9 des \u00e9tiquettes rigides et l&rsquo;art l&rsquo;a repr\u00e9sent\u00e9 comme un symbole de noblesse et de richesse. \u00c0 la Renaissance, les nobles et les dames de la cour \u00e9taient repr\u00e9sent\u00e9s dans des v\u00eatements somptueux pour illustrer leur statut social. Il \u00e9tait essentiel de faire comprendre au spectateur leur appartenance \u00e0 un certain rang; comme des photographies modernes, les peintures repr\u00e9sentaient l&rsquo;importance du personnage dans la soci\u00e9t\u00e9. <b>Titien<\/b>, l&rsquo;un des artistes les plus c\u00e9l\u00e8bres du XVIe si\u00e8cle, s&rsquo;est consacr\u00e9, au cours de sa tr\u00e8s longue carri\u00e8re, au portrait de m\u00e9c\u00e8nes riches et royaux. Gr\u00e2ce \u00e0 ses habiles coups de pinceau, il a su saisir non seulement la profondeur psychologique de ses protagonistes, mais aussi la beaut\u00e9 des tissus et des v\u00eatements. Les personnages repr\u00e9sent\u00e9s portent souvent des armes, des lettres, des bagues et des gants. Des objets all\u00e9goriques et essentiels, indispensables \u00e0 une lecture approfondie de l&rsquo;\u0153uvre. Dans le \u00ab\u00a0Portrait d&rsquo;un jeune homme\u00a0\u00bb de l&rsquo;artiste v\u00e9nitien, le gant se distingue par la diff\u00e9rence de couleur par rapport \u00e0 la robe et est montr\u00e9 avec une grande \u00e9l\u00e9gance, l&rsquo;importance de l&rsquo;homme est attest\u00e9e par le peu de bijoux port\u00e9s et le gant rang\u00e9 dans une seule main.<\/p>\n<p align=\"justify\"><strong>Alberch D\u00fcrer<\/strong> a r\u00e9alis\u00e9 son \u00ab\u00a0Autoportrait aux gants\u00a0\u00bb en 1498. Il n&rsquo;est pas rare de voir des artistes poser avec des outils de travail ou \u00eatre repr\u00e9sent\u00e9s comme de simples bourgeois. Le peintre allemand se distingue dans cette \u0153uvre par sa gr\u00e2ce et son souci du d\u00e9tail: de la coiffure \u00e9paisse aux v\u00eatements \u00e9l\u00e9gants. Les gants blancs qu&rsquo;il porte d\u00e9finissent davantage son d\u00e9sir d&rsquo;\u00eatre d\u00e9peint comme un homme cultiv\u00e9 et raffin\u00e9. Il s&rsquo;agit probablement d&rsquo;une r\u00e9f\u00e9rence au fait qu&rsquo;en Italie \u00e0 l&rsquo;\u00e9poque, contrairement aux pays du Nord, l&rsquo;artiste occupait une position sociale plus \u00e9lev\u00e9e. Au fil des si\u00e8cles, les portraits ont chang\u00e9 de style, r\u00e9sultat de p\u00e9riodes historiques nouvelles et diff\u00e9rentes. Les gants continuent de symboliser le prestige d&rsquo;une aristocratie encore interpr\u00e9t\u00e9e dans l&rsquo;art.<\/p>\n<p align=\"justify\">Le XIXe si\u00e8cle italien est habilement d\u00e9peint par <b>Giovanni Boldini<\/b>, qui a toujours \u00e9t\u00e9 fascin\u00e9 par les salons \u00e9l\u00e9gants de la haute bourgeoisie et de la noblesse de l&rsquo;\u00e9poque. Le peintre du beau monde peignait des femmes souples et raffin\u00e9es portant des robes \u00e9l\u00e9gantes et de longs gants, comme le dictait la mode de l&rsquo;\u00e9poque. Les lignes se brisent et deviennent plus graphiques, l&rsquo;art se pr\u00eate \u00e0 la mode, comme dans le cas de la peintre iconique de l&rsquo;Art d\u00e9co <b>Tamara De Lempicka<\/b>, qui \u00e9tait fascin\u00e9e par les hommes et les femmes puissants. L&rsquo;artiste a soigneusement construit son image de femme \u00e9l\u00e9gante et sophistiqu\u00e9e, son autoportrait en est un exemple admirable, devenant l&rsquo;une des personnalit\u00e9s les plus originales et charismatiques de l&rsquo;\u00e9poque.<\/p>\n","protected":false},"excerpt":{"rendered":"<p>Le gant a toujours \u00e9t\u00e9 un accessoire symbole d&rsquo;\u00e9l\u00e9gance et de noblesse, \u00e0 tel point qu&rsquo;il appara\u00eet dans de nombreux portraits artistiques port\u00e9s par des hommes illustres et des dames [&hellip;]<\/p>\n","protected":false},"author":1,"featured_media":2891,"comment_status":"closed","ping_status":"closed","sticky":false,"template":"","format":"standard","meta":{"_acf_changed":false,"site-sidebar-layout":"default","site-content-layout":"default","ast-site-content-layout":"default","site-content-style":"default","site-sidebar-style":"default","ast-global-header-display":"","ast-banner-title-visibility":"","ast-main-header-display":"","ast-hfb-above-header-display":"","ast-hfb-below-header-display":"","ast-hfb-mobile-header-display":"","site-post-title":"","ast-breadcrumbs-content":"","ast-featured-img":"","footer-sml-layout":"","theme-transparent-header-meta":"default","adv-header-id-meta":"","stick-header-meta":"default","header-above-stick-meta":"","header-main-stick-meta":"","header-below-stick-meta":"","astra-migrate-meta-layouts":"default","ast-page-background-enabled":"default","ast-page-background-meta":{"desktop":{"background-color":"var(--ast-global-color-4)","background-image":"","background-repeat":"repeat","background-position":"center center","background-size":"auto","background-attachment":"scroll","background-type":"","background-media":"","overlay-type":"","overlay-color":"","overlay-opacity":"","overlay-gradient":""},"tablet":{"background-color":"","background-image":"","background-repeat":"repeat","background-position":"center center","background-size":"auto","background-attachment":"scroll","background-type":"","background-media":"","overlay-type":"","overlay-color":"","overlay-opacity":"","overlay-gradient":""},"mobile":{"background-color":"","background-image":"","background-repeat":"repeat","background-position":"center center","background-size":"auto","background-attachment":"scroll","background-type":"","background-media":"","overlay-type":"","overlay-color":"","overlay-opacity":"","overlay-gradient":""}},"ast-content-background-meta":{"desktop":{"background-color":"var(--ast-global-color-5)","background-image":"","background-repeat":"repeat","background-position":"center center","background-size":"auto","background-attachment":"scroll","background-type":"","background-media":"","overlay-type":"","overlay-color":"","overlay-opacity":"","overlay-gradient":""},"tablet":{"background-color":"var(--ast-global-color-5)","background-image":"","background-repeat":"repeat","background-position":"center center","background-size":"auto","background-attachment":"scroll","background-type":"","background-media":"","overlay-type":"","overlay-color":"","overlay-opacity":"","overlay-gradient":""},"mobile":{"background-color":"var(--ast-global-color-5)","background-image":"","background-repeat":"repeat","background-position":"center center","background-size":"auto","background-attachment":"scroll","background-type":"","background-media":"","overlay-type":"","overlay-color":"","overlay-opacity":"","overlay-gradient":""}},"footnotes":""},"categories":[266,260],"tags":[407,408,409,405,301,271,410,411,399,326,336,412,413],"class_list":["post-2892","post","type-post","status-publish","format-standard","has-post-thumbnail","hentry","category-blog-fr","category-gants","tag-alberch-durer-fr","tag-alta-moda-fr","tag-arte-fr","tag-artigianato-fr","tag-conceria-fr","tag-cuir","tag-giovanni-boldini-fr","tag-guanto-fr","tag-made-in-italy-fr","tag-moda-fr","tag-nuova-partenopea-pelli-fr","tag-tamara-de-lempicka-fr","tag-tiziano-fr"],"acf":[],"aioseo_notices":[],"_links":{"self":[{"href":"https:\/\/www.nuovapartenopeapellisrl.it\/fr\/wp-json\/wp\/v2\/posts\/2892","targetHints":{"allow":["GET"]}}],"collection":[{"href":"https:\/\/www.nuovapartenopeapellisrl.it\/fr\/wp-json\/wp\/v2\/posts"}],"about":[{"href":"https:\/\/www.nuovapartenopeapellisrl.it\/fr\/wp-json\/wp\/v2\/types\/post"}],"author":[{"embeddable":true,"href":"https:\/\/www.nuovapartenopeapellisrl.it\/fr\/wp-json\/wp\/v2\/users\/1"}],"replies":[{"embeddable":true,"href":"https:\/\/www.nuovapartenopeapellisrl.it\/fr\/wp-json\/wp\/v2\/comments?post=2892"}],"version-history":[{"count":0,"href":"https:\/\/www.nuovapartenopeapellisrl.it\/fr\/wp-json\/wp\/v2\/posts\/2892\/revisions"}],"wp:featuredmedia":[{"embeddable":true,"href":"https:\/\/www.nuovapartenopeapellisrl.it\/fr\/wp-json\/wp\/v2\/media\/2891"}],"wp:attachment":[{"href":"https:\/\/www.nuovapartenopeapellisrl.it\/fr\/wp-json\/wp\/v2\/media?parent=2892"}],"wp:term":[{"taxonomy":"category","embeddable":true,"href":"https:\/\/www.nuovapartenopeapellisrl.it\/fr\/wp-json\/wp\/v2\/categories?post=2892"},{"taxonomy":"post_tag","embeddable":true,"href":"https:\/\/www.nuovapartenopeapellisrl.it\/fr\/wp-json\/wp\/v2\/tags?post=2892"}],"curies":[{"name":"wp","href":"https:\/\/api.w.org\/{rel}","templated":true}]}}